{"id":1431,"date":"2016-07-20T16:22:35","date_gmt":"2016-07-20T15:22:35","guid":{"rendered":"http:\/\/www.informedia.es\/?p=1431"},"modified":"2016-07-20T16:22:35","modified_gmt":"2016-07-20T15:22:35","slug":"reinstalacion-cableado-scandinavian-management","status":"publish","type":"post","link":"https:\/\/informedia.es\/en\/reinstalacion-cableado-scandinavian-management\/","title":{"rendered":"Reinstalaci\u00f3n del cableado en Scandinavian Management"},"content":{"rendered":"<p style=\"text-align: justify;\"><a href=\"http:\/\/www.scandtax.eu\/om-oss\/\" target=\"_blank\" rel=\"noopener noreferrer\">Scandinavian Management<\/a> ha confiado a\u00a0<strong>Informedia<\/strong> la \u00edntegra reinstalaci\u00f3n del cableado de sus oficinas. La empresa es una asesor\u00eda de referencia en la Costa Blanca que presta sus servicios\u00a0a clientes escandinavos que precisan de asesoramiento pr\u00e1ctico, econ\u00f3mico y\/o legal en Espa\u00f1a (ayuda en compra-venta de propiedades, t\u00edtulos de propiedad, declaraciones de impuestos, asuntos bancarios, herencias y testamentos en Espa\u00f1a, solicitud del n\u00famero de la seguridad social espa\u00f1ola o NIE, etc.)<\/p>\n<p style=\"text-align: justify;\">Antes de la reorganizaci\u00f3n, el conjunto de cables de la empresa\u00a0se encontraba en un estado de completa desorganizaci\u00f3n como se aprecia en las im\u00e1genes, producto de una primera instalaci\u00f3n incorrecta, as\u00ed como por las sucesivas ampliaciones de la instalaci\u00f3n fruto del crecimiento de la empresa. <strong>Informedia<\/strong> ha<img decoding=\"async\" class=\"alignright wp-image-1437\" title=\"Reinstalaci\u00f3n cableado, Scandinavian management, cables, rack\" src=\"http:\/\/www.informedia.es\/wp-content\/uploads\/2016\/07\/20160714_165332_resized_1-300x169.jpg\" alt=\"20160714_165332_resized_1\" width=\"275\" height=\"155\" \/> realizado el reagrupamiento de los cables pertenecientes todos los\u00a0puntos de red de la empresa, y\u00a0a\u00a0la telefon\u00eda y c\u00e1maras de seguridad de la misma, dentro de un armario Rack de 42U\u00a0de altura.<\/p>\n<p style=\"text-align: justify;\">Como se puede observar en las im\u00e1genes de la parte inferior, la reorganizaci\u00f3n\u00a0del cableado fue todo un \u00e9xito,\u00a0quedando el mismo totalmente estructurado y etiquetado dentro del citado armario, lo que permitir\u00e1 reducir las aver\u00edas y mejorar la resoluci\u00f3n en caso de que se produzca alguna. Adem\u00e1s se han instalado 2 switchs gigalan consiguiendo de esta forma aumentar considerablemente el rendimiento de la red.<\/p>\n<table>\n<tbody>\n<tr>\n<td>\n<p><div id=\"attachment_1439\" style=\"width: 151px\" class=\"wp-caption alignleft\"><img decoding=\"async\" aria-describedby=\"caption-attachment-1439\" class=\"wp-image-1439\" title=\"Reinstalaci\u00f3n cableado, Scandinavian management, cables, rack\" src=\"http:\/\/www.informedia.es\/wp-content\/uploads\/2016\/07\/20160714_165625_resized-169x300.jpg\" alt=\"20160714_165625_resized\" width=\"141\" height=\"250\" \/><p id=\"caption-attachment-1439\" class=\"wp-caption-text\">Armario Rack para reinstalaci\u00f3n del cableado.<\/p><\/div><\/td>\n<td>\n<p><div id=\"attachment_1443\" style=\"width: 151px\" class=\"wp-caption aligncenter\"><a href=\"http:\/\/www.informedia.es\/wp-content\/uploads\/2016\/07\/IMG-20160716-WA0004.jpg\"><img decoding=\"async\" aria-describedby=\"caption-attachment-1443\" class=\"wp-image-1443\" title=\"Reinstalaci\u00f3n cableado, Scandinavian management, cables, rack\" src=\"http:\/\/www.informedia.es\/wp-content\/uploads\/2016\/07\/IMG-20160716-WA0004-169x300.jpg\" alt=\"IMG-20160716-WA0004\" width=\"141\" height=\"250\" \/><\/a><p id=\"caption-attachment-1443\" class=\"wp-caption-text\">Armario Rack durante la reinstalaci\u00f3n.<\/p><\/div><\/td>\n<td>\n<p><div id=\"attachment_1450\" style=\"width: 151px\" class=\"wp-caption alignright\"><a href=\"http:\/\/www.informedia.es\/wp-content\/uploads\/2016\/07\/IMG-20160716-WA00021.jpg\"><img loading=\"lazy\" decoding=\"async\" aria-describedby=\"caption-attachment-1450\" class=\"wp-image-1450\" title=\"Reinstalaci\u00f3n cableado, Scandinavian management, cables, rack\" src=\"http:\/\/www.informedia.es\/wp-content\/uploads\/2016\/07\/IMG-20160716-WA00021-169x300.jpg\" alt=\"IMG-20160716-WA0002\" width=\"141\" height=\"250\" \/><\/a><p id=\"caption-attachment-1450\" class=\"wp-caption-text\">Resultado final de la instalaci\u00f3n<\/p><\/div><\/td>\n<\/tr>\n<\/tbody>\n<\/table>","protected":false},"excerpt":{"rendered":"<p>Scandinavian Management ha confiado a\u00a0<strong>Informedia<\/strong> la \u00edntegra reinstalaci\u00f3n del cableado de sus oficinas. La empresa es una asesor\u00eda de referencia en la Costa Blanca que presta sus servicios\u00a0a clientes escandinavos\u2026<\/p>","protected":false},"author":1,"featured_media":1436,"comment_status":"closed","ping_status":"closed","sticky":false,"template":"","format":"standard","meta":{"_vp_format_video_url":"","_vp_image_focal_point":[],"footnotes":""},"categories":[62,58,67],"tags":[112,113,114,115,116],"class_list":["post-1431","post","type-post","status-publish","format-standard","has-post-thumbnail","hentry","category-clientes","category-hardware","category-news","tag-cableado","tag-cables","tag-organizacion","tag-reinstalacion","tag-scandinavian-management","post-1","odd"],"_links":{"self":[{"href":"https:\/\/informedia.es\/en\/wp-json\/wp\/v2\/posts\/1431","targetHints":{"allow":["GET"]}}],"collection":[{"href":"https:\/\/informedia.es\/en\/wp-json\/wp\/v2\/posts"}],"about":[{"href":"https:\/\/informedia.es\/en\/wp-json\/wp\/v2\/types\/post"}],"author":[{"embeddable":true,"href":"https:\/\/informedia.es\/en\/wp-json\/wp\/v2\/users\/1"}],"replies":[{"embeddable":true,"href":"https:\/\/informedia.es\/en\/wp-json\/wp\/v2\/comments?post=1431"}],"version-history":[{"count":0,"href":"https:\/\/informedia.es\/en\/wp-json\/wp\/v2\/posts\/1431\/revisions"}],"wp:featuredmedia":[{"embeddable":true,"href":"https:\/\/informedia.es\/en\/wp-json\/"}],"wp:attachment":[{"href":"https:\/\/informedia.es\/en\/wp-json\/wp\/v2\/media?parent=1431"}],"wp:term":[{"taxonomy":"category","embeddable":true,"href":"https:\/\/informedia.es\/en\/wp-json\/wp\/v2\/categories?post=1431"},{"taxonomy":"post_tag","embeddable":true,"href":"https:\/\/informedia.es\/en\/wp-json\/wp\/v2\/tags?post=1431"}],"curies":[{"name":"wp","href":"https:\/\/api.w.org\/{rel}","templated":true}]}}